{"id":34572,"date":"2026-06-04T00:40:12","date_gmt":"2026-06-04T00:40:12","guid":{"rendered":""},"modified":"-0001-11-30T00:00:00","modified_gmt":"-0001-11-29T22:00:00","slug":"articulospeso-pluma-ufc-una-division-en-el-centro-del-foco-espanol","status":"publish","type":"post","link":"https:\/\/www.aplusidiomas.com\/aplus-abril\/articulospeso-pluma-ufc-una-division-en-el-centro-del-foco-espanol\/","title":{"rendered":"articulospeso pluma ufc una division en el centro del foco espanol"},"content":{"rendered":"<h2>El problema que nadie quiere admitir<\/h2>\n<p>Los fan\u00e1ticos de la UFC est\u00e1n cansados de la falta de visibilidad del peso pluma; se siente como una sombra en una arena iluminada por los pesos pesados. Aqu\u00ed la cuesti\u00f3n: la divisi\u00f3n est\u00e1 atrapada entre la hype del peso gallo y el glamour del peso ligero. La realidad golpea duro, y el mercado lo siente.<\/p>\n<h2>\u00bfPor qu\u00e9 el peso pluma deber\u00eda ser el centro del foco?<\/h2>\n<p>Primero, la velocidad. Los peleadores de peso pluma combinan rapidez con potencia, creando r\u00e1fagas que hacen temblar la lona. Segundo, la narrativa. Cada combate lleva una historia de superaci\u00f3n que engancha a la audiencia como ning\u00fan otro peso. Tercero, la rentabilidad. Los patrocinadores buscan frescura, y la pluma es la caja de Pandora que a\u00fan no se ha abierto.<\/p>\n<h3>Los n\u00fameros no mienten<\/h3>\n<p>Los \u00edndices de audiencia en eventos de peso pluma superan el 70% de los de peso medio, pero la promoci\u00f3n sigue siendo escasa. Si la UFC reorienta su calendario, el retorno de inversi\u00f3n se disparar\u00e1. Aqu\u00ed est\u00e1 el dato: la \u00faltima pelea de peso pluma gener\u00f3 1.2 millones de visualizaciones en streaming, cifra que supera a muchos eventos de peso welter.<\/p>\n<h3>Errores de marketing que debemos cortar<\/h3>\n<p>Se ha puesto el foco en los nombres, no en la divisi\u00f3n. Los comunicados de prensa hablan de \u00abestrella emergente\u00bb sin mencionar que pertenece al peso pluma. La soluci\u00f3n es simple: cambiar el discurso y posicionar la categor\u00eda como la cuna de la pr\u00f3xima generaci\u00f3n de leyendas.<\/p>\n<h2>Qu\u00e9 hace falta para cambiar el juego<\/h2>\n<p>Una campa\u00f1a agresiva, s\u00ed. Pero tambi\u00e9n una visi\u00f3n clara: colocar al peso pluma en el horario estelar, darle a sus peleadores una narrativa consistente y, sobre todo, invertir en producci\u00f3n de contenido que destaque sus habilidades. Aqu\u00ed tienes una referencia que ya muestra el camino: <a href=\"https:\/\/ufcapuestases.com\/articulos\/peso-pluma-ufc-una-division-en-el-centro-del-foco-espanol\/\">https:\/\/ufcapuestases.com\/articulos\/peso-pluma-ufc-una-division-en-el-centro-del-foco-espanol\/<\/a>.<\/p>\n<h3>Acci\u00f3n inmediata<\/h3>\n<p>Reprograma el pr\u00f3ximo evento: pon la pelea principal de peso pluma en el prime time y promociona el combate con trailers de alta energ\u00eda. No esperes a que el mercado lo exija; haz que lo exija t\u00fa.<\/p>\n","protected":false},"excerpt":{"rendered":"<p>El problema que nadie quiere admitir Los fan&aacute;ticos de la UFC est&aacute;n cansados de la falta de visibilidad del peso pluma; se siente como una sombra en una arena iluminada por los pesos pesados. Aqu&iacute; la cuesti&oacute;n: la divisi&oacute;n est&aacute; atrapada entre la hype del peso gallo y el glamour del peso ligero. La realidad &#8230; <\/p>\n<p class=\"read-more-container\"><a title=\"articulospeso pluma ufc una division en el centro del foco espanol\" class=\"read-more button\" href=\"https:\/\/www.aplusidiomas.com\/aplus-abril\/articulospeso-pluma-ufc-una-division-en-el-centro-del-foco-espanol\/#more-34572\" aria-label=\"M\u00e1s en articulospeso pluma ufc una division en el centro del foco espanol\">Leer m\u00e1s<\/a><\/p>\n","protected":false},"author":43,"featured_media":0,"comment_status":"closed","ping_status":"closed","sticky":false,"template":"","format":"standard","meta":[],"categories":[],"tags":[],"yoast_head":"<!-- This site is optimized with the Yoast SEO plugin v20.5 - https:\/\/yoast.com\/wordpress\/plugins\/seo\/ -->\n<title>articulospeso pluma ufc una division en el centro del foco espanol | A+Idiomas | Academia de idiomas en Alzira<\/title>\n<meta name=\"robots\" content=\"noindex, follow, max-snippet:-1, max-image-preview:large, max-video-preview:-1\" \/>\n<meta property=\"og:locale\" content=\"es_ES\" \/>\n<meta property=\"og:type\" content=\"article\" \/>\n<meta property=\"og:title\" content=\"articulospeso pluma ufc una division en el centro del foco espanol | A+Idiomas | Academia de idiomas en Alzira\" \/>\n<meta property=\"og:description\" content=\"El problema que nadie quiere admitir Los fan&aacute;ticos de la UFC est&aacute;n cansados de la falta de visibilidad del peso pluma; se siente como una sombra en una arena iluminada por los pesos pesados. Aqu&iacute; la cuesti&oacute;n: la divisi&oacute;n est&aacute; atrapada entre la hype del peso gallo y el glamour del peso ligero. La realidad ... Leer m\u00e1s\" \/>\n<meta property=\"og:url\" content=\"https:\/\/www.aplusidiomas.com\/aplus-abril\/articulospeso-pluma-ufc-una-division-en-el-centro-del-foco-espanol\/\" \/>\n<meta property=\"og:site_name\" content=\"A+Idiomas | Academia de idiomas en Alzira\" \/>\n<meta property=\"article:publisher\" content=\"https:\/\/www.facebook.com\/academia.aplusidiomas\/\" \/>\n<meta property=\"article:published_time\" content=\"2026-06-04T00:40:12+00:00\" \/>\n<meta property=\"article:modified_time\" content=\"-0001-11-30T00:00:00+00:00\" \/>\n<meta name=\"twitter:card\" content=\"summary_large_image\" \/>\n<meta name=\"twitter:label1\" content=\"Escrito por\" \/>\n\t<meta name=\"twitter:data1\" content=\"\" \/>\n\t<meta name=\"twitter:label2\" content=\"Tiempo de lectura\" \/>\n\t<meta name=\"twitter:data2\" content=\"2 minutos\" \/>\n<script type=\"application\/ld+json\" class=\"yoast-schema-graph\">{\"@context\":\"https:\/\/schema.org\",\"@graph\":[{\"@type\":\"Article\",\"@id\":\"https:\/\/www.aplusidiomas.com\/aplus-abril\/articulospeso-pluma-ufc-una-division-en-el-centro-del-foco-espanol\/#article\",\"isPartOf\":{\"@id\":\"https:\/\/www.aplusidiomas.com\/aplus-abril\/articulospeso-pluma-ufc-una-division-en-el-centro-del-foco-espanol\/\"},\"author\":{\"name\":\"\",\"@id\":\"\"},\"headline\":\"articulospeso pluma ufc una division en el centro del foco espanol\",\"datePublished\":\"2026-06-04T00:40:12+00:00\",\"dateModified\":\"-0001-11-30T00:00:00+00:00\",\"mainEntityOfPage\":{\"@id\":\"https:\/\/www.aplusidiomas.com\/aplus-abril\/articulospeso-pluma-ufc-una-division-en-el-centro-del-foco-espanol\/\"},\"wordCount\":379,\"publisher\":{\"@id\":\"https:\/\/www.aplusidiomas.com\/aplus-abril\/#organization\"},\"inLanguage\":\"es\"},{\"@type\":\"WebPage\",\"@id\":\"https:\/\/www.aplusidiomas.com\/aplus-abril\/articulospeso-pluma-ufc-una-division-en-el-centro-del-foco-espanol\/\",\"url\":\"https:\/\/www.aplusidiomas.com\/aplus-abril\/articulospeso-pluma-ufc-una-division-en-el-centro-del-foco-espanol\/\",\"name\":\"articulospeso pluma ufc una division en el centro del foco espanol | A+Idiomas | Academia de idiomas en Alzira\",\"isPartOf\":{\"@id\":\"https:\/\/www.aplusidiomas.com\/aplus-abril\/#website\"},\"datePublished\":\"2026-06-04T00:40:12+00:00\",\"dateModified\":\"-0001-11-30T00:00:00+00:00\",\"breadcrumb\":{\"@id\":\"https:\/\/www.aplusidiomas.com\/aplus-abril\/articulospeso-pluma-ufc-una-division-en-el-centro-del-foco-espanol\/#breadcrumb\"},\"inLanguage\":\"es\",\"potentialAction\":[{\"@type\":\"ReadAction\",\"target\":[\"https:\/\/www.aplusidiomas.com\/aplus-abril\/articulospeso-pluma-ufc-una-division-en-el-centro-del-foco-espanol\/\"]}]},{\"@type\":\"BreadcrumbList\",\"@id\":\"https:\/\/www.aplusidiomas.com\/aplus-abril\/articulospeso-pluma-ufc-una-division-en-el-centro-del-foco-espanol\/#breadcrumb\",\"itemListElement\":[{\"@type\":\"ListItem\",\"position\":1,\"name\":\"Portada\",\"item\":\"https:\/\/www.aplusidiomas.com\/aplus-abril\/\"},{\"@type\":\"ListItem\",\"position\":2,\"name\":\"articulospeso pluma ufc una division en el centro del foco espanol\"}]},{\"@type\":\"WebSite\",\"@id\":\"https:\/\/www.aplusidiomas.com\/aplus-abril\/#website\",\"url\":\"https:\/\/www.aplusidiomas.com\/aplus-abril\/\",\"name\":\"A+Idiomas | Academia de idiomas en Alzira\",\"description\":\"Academia de idiomas en Alzira\",\"publisher\":{\"@id\":\"https:\/\/www.aplusidiomas.com\/aplus-abril\/#organization\"},\"potentialAction\":[{\"@type\":\"SearchAction\",\"target\":{\"@type\":\"EntryPoint\",\"urlTemplate\":\"https:\/\/www.aplusidiomas.com\/aplus-abril\/?s={search_term_string}\"},\"query-input\":\"required name=search_term_string\"}],\"inLanguage\":\"es\"},{\"@type\":\"Organization\",\"@id\":\"https:\/\/www.aplusidiomas.com\/aplus-abril\/#organization\",\"name\":\"A+ Idiomas\",\"url\":\"https:\/\/www.aplusidiomas.com\/aplus-abril\/\",\"logo\":{\"@type\":\"ImageObject\",\"inLanguage\":\"es\",\"@id\":\"https:\/\/www.aplusidiomas.com\/aplus-abril\/#\/schema\/logo\/image\/\",\"url\":\"https:\/\/www.aplusidiomas.com\/aplus-abril\/wp-content\/uploads\/2023\/02\/logo-aplusidiomas-cuadrado.jpg\",\"contentUrl\":\"https:\/\/www.aplusidiomas.com\/aplus-abril\/wp-content\/uploads\/2023\/02\/logo-aplusidiomas-cuadrado.jpg\",\"width\":220,\"height\":220,\"caption\":\"A+ Idiomas\"},\"image\":{\"@id\":\"https:\/\/www.aplusidiomas.com\/aplus-abril\/#\/schema\/logo\/image\/\"},\"sameAs\":[\"https:\/\/www.facebook.com\/academia.aplusidiomas\/\",\"https:\/\/www.instagram.com\/aplusidiomas\/?hl=es\"]},{\"@type\":\"Person\",\"@id\":\"\",\"url\":\"https:\/\/www.aplusidiomas.com\/aplus-abril\/author\/\"}]}<\/script>\n<!-- \/ Yoast SEO plugin. -->","yoast_head_json":{"title":"articulospeso pluma ufc una division en el centro del foco espanol | A+Idiomas | Academia de idiomas en Alzira","robots":{"index":"noindex","follow":"follow","max-snippet":"max-snippet:-1","max-image-preview":"max-image-preview:large","max-video-preview":"max-video-preview:-1"},"og_locale":"es_ES","og_type":"article","og_title":"articulospeso pluma ufc una division en el centro del foco espanol | A+Idiomas | Academia de idiomas en Alzira","og_description":"El problema que nadie quiere admitir Los fan&aacute;ticos de la UFC est&aacute;n cansados de la falta de visibilidad del peso pluma; se siente como una sombra en una arena iluminada por los pesos pesados. Aqu&iacute; la cuesti&oacute;n: la divisi&oacute;n est&aacute; atrapada entre la hype del peso gallo y el glamour del peso ligero. La realidad ... Leer m\u00e1s","og_url":"https:\/\/www.aplusidiomas.com\/aplus-abril\/articulospeso-pluma-ufc-una-division-en-el-centro-del-foco-espanol\/","og_site_name":"A+Idiomas | Academia de idiomas en Alzira","article_publisher":"https:\/\/www.facebook.com\/academia.aplusidiomas\/","article_published_time":"2026-06-04T00:40:12+00:00","article_modified_time":"-0001-11-30T00:00:00+00:00","twitter_card":"summary_large_image","twitter_misc":{"Escrito por":"","Tiempo de lectura":"2 minutos"},"schema":{"@context":"https:\/\/schema.org","@graph":[{"@type":"Article","@id":"https:\/\/www.aplusidiomas.com\/aplus-abril\/articulospeso-pluma-ufc-una-division-en-el-centro-del-foco-espanol\/#article","isPartOf":{"@id":"https:\/\/www.aplusidiomas.com\/aplus-abril\/articulospeso-pluma-ufc-una-division-en-el-centro-del-foco-espanol\/"},"author":{"name":"","@id":""},"headline":"articulospeso pluma ufc una division en el centro del foco espanol","datePublished":"2026-06-04T00:40:12+00:00","dateModified":"-0001-11-30T00:00:00+00:00","mainEntityOfPage":{"@id":"https:\/\/www.aplusidiomas.com\/aplus-abril\/articulospeso-pluma-ufc-una-division-en-el-centro-del-foco-espanol\/"},"wordCount":379,"publisher":{"@id":"https:\/\/www.aplusidiomas.com\/aplus-abril\/#organization"},"inLanguage":"es"},{"@type":"WebPage","@id":"https:\/\/www.aplusidiomas.com\/aplus-abril\/articulospeso-pluma-ufc-una-division-en-el-centro-del-foco-espanol\/","url":"https:\/\/www.aplusidiomas.com\/aplus-abril\/articulospeso-pluma-ufc-una-division-en-el-centro-del-foco-espanol\/","name":"articulospeso pluma ufc una division en el centro del foco espanol | A+Idiomas | Academia de idiomas en Alzira","isPartOf":{"@id":"https:\/\/www.aplusidiomas.com\/aplus-abril\/#website"},"datePublished":"2026-06-04T00:40:12+00:00","dateModified":"-0001-11-30T00:00:00+00:00","breadcrumb":{"@id":"https:\/\/www.aplusidiomas.com\/aplus-abril\/articulospeso-pluma-ufc-una-division-en-el-centro-del-foco-espanol\/#breadcrumb"},"inLanguage":"es","potentialAction":[{"@type":"ReadAction","target":["https:\/\/www.aplusidiomas.com\/aplus-abril\/articulospeso-pluma-ufc-una-division-en-el-centro-del-foco-espanol\/"]}]},{"@type":"BreadcrumbList","@id":"https:\/\/www.aplusidiomas.com\/aplus-abril\/articulospeso-pluma-ufc-una-division-en-el-centro-del-foco-espanol\/#breadcrumb","itemListElement":[{"@type":"ListItem","position":1,"name":"Portada","item":"https:\/\/www.aplusidiomas.com\/aplus-abril\/"},{"@type":"ListItem","position":2,"name":"articulospeso pluma ufc una division en el centro del foco espanol"}]},{"@type":"WebSite","@id":"https:\/\/www.aplusidiomas.com\/aplus-abril\/#website","url":"https:\/\/www.aplusidiomas.com\/aplus-abril\/","name":"A+Idiomas | Academia de idiomas en Alzira","description":"Academia de idiomas en Alzira","publisher":{"@id":"https:\/\/www.aplusidiomas.com\/aplus-abril\/#organization"},"potentialAction":[{"@type":"SearchAction","target":{"@type":"EntryPoint","urlTemplate":"https:\/\/www.aplusidiomas.com\/aplus-abril\/?s={search_term_string}"},"query-input":"required name=search_term_string"}],"inLanguage":"es"},{"@type":"Organization","@id":"https:\/\/www.aplusidiomas.com\/aplus-abril\/#organization","name":"A+ Idiomas","url":"https:\/\/www.aplusidiomas.com\/aplus-abril\/","logo":{"@type":"ImageObject","inLanguage":"es","@id":"https:\/\/www.aplusidiomas.com\/aplus-abril\/#\/schema\/logo\/image\/","url":"https:\/\/www.aplusidiomas.com\/aplus-abril\/wp-content\/uploads\/2023\/02\/logo-aplusidiomas-cuadrado.jpg","contentUrl":"https:\/\/www.aplusidiomas.com\/aplus-abril\/wp-content\/uploads\/2023\/02\/logo-aplusidiomas-cuadrado.jpg","width":220,"height":220,"caption":"A+ Idiomas"},"image":{"@id":"https:\/\/www.aplusidiomas.com\/aplus-abril\/#\/schema\/logo\/image\/"},"sameAs":["https:\/\/www.facebook.com\/academia.aplusidiomas\/","https:\/\/www.instagram.com\/aplusidiomas\/?hl=es"]},{"@type":"Person","@id":"","url":"https:\/\/www.aplusidiomas.com\/aplus-abril\/author\/"}]}},"_links":{"self":[{"href":"https:\/\/www.aplusidiomas.com\/aplus-abril\/wp-json\/wp\/v2\/posts\/34572"}],"collection":[{"href":"https:\/\/www.aplusidiomas.com\/aplus-abril\/wp-json\/wp\/v2\/posts"}],"about":[{"href":"https:\/\/www.aplusidiomas.com\/aplus-abril\/wp-json\/wp\/v2\/types\/post"}],"author":[{"embeddable":true,"href":"https:\/\/www.aplusidiomas.com\/aplus-abril\/wp-json\/wp\/v2\/users\/43"}],"replies":[{"embeddable":true,"href":"https:\/\/www.aplusidiomas.com\/aplus-abril\/wp-json\/wp\/v2\/comments?post=34572"}],"version-history":[{"count":0,"href":"https:\/\/www.aplusidiomas.com\/aplus-abril\/wp-json\/wp\/v2\/posts\/34572\/revisions"}],"wp:attachment":[{"href":"https:\/\/www.aplusidiomas.com\/aplus-abril\/wp-json\/wp\/v2\/media?parent=34572"}],"wp:term":[{"taxonomy":"category","embeddable":true,"href":"https:\/\/www.aplusidiomas.com\/aplus-abril\/wp-json\/wp\/v2\/categories?post=34572"},{"taxonomy":"post_tag","embeddable":true,"href":"https:\/\/www.aplusidiomas.com\/aplus-abril\/wp-json\/wp\/v2\/tags?post=34572"}],"curies":[{"name":"wp","href":"https:\/\/api.w.org\/{rel}","templated":true}]}}